[{"@context":"https:\/\/schema.org\/","@type":"Article","@id":"https:\/\/www.crra.cz\/ubytovani-hory\/#Article","mainEntityOfPage":"https:\/\/www.crra.cz\/ubytovani-hory\/","headline":"Ubytov\u00e1n\u00ed hory","name":"Ubytov\u00e1n\u00ed hory","description":"Nab\u00edz\u00edme zprost\u0159edkovan\u00ed k ubytov\u00e1n\u00ed hory. Pokud v\u00e1s hory l\u00e1kaj\u00ed a to a\u0165 u\u017e v l\u00e9t\u011b, nebo v zim\u011b, ur\u010dit\u011b na\u0161e slu\u017eby r\u00e1di vyu\u017eijete. My v\u00e1m pom\u016f\u017eeme vybrat to prav\u00e9 pro v\u00e1s, p\u0159\u00edmo na m\u00edru. Ubytujte se v n\u011bkter\u00e9 \u010d\u00e1sti na\u0161\u00ed vlasti, kter\u00e1 si p\u0159\u00edmo \u0159\u00edk\u00e1 o to, abyste j\u00ed nav\u0161t\u00edvili. Ubytov\u00e1n\u00ed hory je tu pro v\u00e1s pokud r\u00e1di provozujete zimn\u00ed, [&hellip;]","datePublished":"2025-01-23","dateModified":"2025-01-23","author":{"@type":"Person","@id":"https:\/\/www.crra.cz\/author\/#Person","name":"","url":"https:\/\/www.crra.cz\/author\/","identifier":1,"image":{"@type":"ImageObject","@id":"https:\/\/secure.gravatar.com\/avatar\/06473a178d94fb830b46e277369729e9534f2612e261ec2f1ee96b672ef473e2?s=96&d=mm&r=g","url":"https:\/\/secure.gravatar.com\/avatar\/06473a178d94fb830b46e277369729e9534f2612e261ec2f1ee96b672ef473e2?s=96&d=mm&r=g","height":96,"width":96}},"publisher":{"@type":"Organization","name":"crra.cz","logo":{"@type":"ImageObject","@id":"\/logo.png","url":"\/logo.png","width":600,"height":60}},"url":"https:\/\/www.crra.cz\/ubytovani-hory\/","wordCount":185,"articleBody":" Nab\u00edz\u00edme zprost\u0159edkovan\u00ed k ubytov\u00e1n\u00ed hory. Pokud v\u00e1s hory l\u00e1kaj\u00ed a to a\u0165 u\u017e v l\u00e9t\u011b, nebo v zim\u011b, ur\u010dit\u011b na\u0161e slu\u017eby r\u00e1di vyu\u017eijete. My v\u00e1m pom\u016f\u017eeme vybrat to prav\u00e9 pro v\u00e1s, p\u0159\u00edmo na m\u00edru. Ubytujte se v n\u011bkter\u00e9 \u010d\u00e1sti na\u0161\u00ed vlasti, kter\u00e1 si p\u0159\u00edmo \u0159\u00edk\u00e1 o to, abyste j\u00ed nav\u0161t\u00edvili. Ubytov\u00e1n\u00ed hory je tu pro v\u00e1s pokud r\u00e1di provozujete zimn\u00ed, \u010di letn\u00ed sporty, turistiku, cykloturistiku, nebo pokud r\u00e1di sb\u00edr\u00e1te houby a bor\u016fvky, \u010di chod\u00edte na v\u00fdlety. Pom\u016f\u017eeme v\u00e1m vybrat chatu, chalupu, hotel, penzion, nebo apartm\u00e1n. Pom\u016f\u017eeme v\u00e1m vybratUbytov\u00e1n\u00ed hory p\u0159\u00edmo pro v\u00e1s. \u0158ekn\u011bte si po\u017eadavky a my ud\u011bl\u00e1me v\u0161e proto, abychom v\u00e1m na\u0161li objekt na m\u00edru. M\u00e1te-li dom\u00e1c\u00edho mazl\u00ed\u010dka, kter\u00e9ho nechcete opou\u0161t\u011bt na sv\u00fdch cest\u00e1ch, doporu\u010dujeme chatu, nebo chalupu, kam je m\u016f\u017eete vz\u00edt sebou.                                                                                                                                                                                                                                                                                                                                                                                        3.5\/5 - (4 votes)        "},{"@context":"https:\/\/schema.org\/","@type":"BreadcrumbList","itemListElement":[{"@type":"ListItem","position":1,"name":"Ubytov\u00e1n\u00ed hory","item":"https:\/\/www.crra.cz\/ubytovani-hory\/#breadcrumbitem"}]}]