[{"@context":"https:\/\/schema.org\/","@type":"Article","@id":"https:\/\/www.crra.cz\/poridte-si-novou-barvu\/#Article","mainEntityOfPage":"https:\/\/www.crra.cz\/poridte-si-novou-barvu\/","headline":"Po\u0159i\u010fte si novou barvu","name":"Po\u0159i\u010fte si novou barvu","description":"V dne\u0161n\u00ed dob\u011b m\u016f\u017eeme nal\u00e9zt tisk\u00e1nu nejenom v ka\u017ed\u00e9 firm\u011b, ale u\u017e tak\u00e9 v ka\u017ed\u00e9 dom\u00e1cnosti. Stal se z toho tedy pom\u011brn\u011b velik\u00fd byznys a firmy vyd\u011bl\u00e1vaj\u00ed na drah\u00fdch tonerech, bez kter\u00fdch se lidi ale neobejdou. Na\u0161t\u011bst\u00ed p\u0159i\u0161lo n\u011bco nov\u00e9ho a lep\u0161\u00edho. Jedn\u00e1 se o alternativn\u00ed tonery, kter\u00e9 nejsou v\u016fbec tolik drah\u00e9, jako origin\u00e1ly, a kter\u00e9 v\u00e1m tak\u00e9 poslou\u017e\u00ed k [&hellip;]","datePublished":"2023-10-29","dateModified":"2023-10-29","author":{"@type":"Person","@id":"https:\/\/www.crra.cz\/author\/#Person","name":"","url":"https:\/\/www.crra.cz\/author\/","identifier":1,"image":{"@type":"ImageObject","@id":"https:\/\/secure.gravatar.com\/avatar\/06473a178d94fb830b46e277369729e9534f2612e261ec2f1ee96b672ef473e2?s=96&d=mm&r=g","url":"https:\/\/secure.gravatar.com\/avatar\/06473a178d94fb830b46e277369729e9534f2612e261ec2f1ee96b672ef473e2?s=96&d=mm&r=g","height":96,"width":96}},"publisher":{"@type":"Organization","name":"crra.cz","logo":{"@type":"ImageObject","@id":"\/logo.png","url":"\/logo.png","width":600,"height":60}},"url":"https:\/\/www.crra.cz\/poridte-si-novou-barvu\/","wordCount":234,"articleBody":"V dne\u0161n\u00ed dob\u011b m\u016f\u017eeme nal\u00e9zt tisk\u00e1nu nejenom v ka\u017ed\u00e9 firm\u011b, ale u\u017e tak\u00e9 v ka\u017ed\u00e9 dom\u00e1cnosti. Stal se z toho tedy pom\u011brn\u011b velik\u00fd byznys a firmy vyd\u011bl\u00e1vaj\u00ed na drah\u00fdch tonerech, bez kter\u00fdch se lidi ale neobejdou. Na\u0161t\u011bst\u00ed p\u0159i\u0161lo n\u011bco nov\u00e9ho a lep\u0161\u00edho. Jedn\u00e1 se o alternativn\u00ed tonery, kter\u00e9 nejsou v\u016fbec tolik drah\u00e9, jako origin\u00e1ly, a kter\u00e9 v\u00e1m tak\u00e9 poslou\u017e\u00ed k z\u00edsk\u00e1n\u00ed mnoha v\u011brn\u00fdch a hlavn\u011b kvalitn\u00edch kopi\u00ed. Jestli\u017ee nechcete zbyte\u010dn\u011b utr\u00e1cet, tak vyu\u017eijte tuto mo\u017enost, d\u00edky kter\u00e9 m\u016f\u017eete sn\u00ed\u017eit sv\u00e9 n\u00e1klady a\u017e n\u011bkolikan\u00e1sobn\u011b. Pro\u010d to tedy d\u011blat draze, kdy\u017e to jde i levn\u011b? U\u0161et\u0159ete a radujte se z toho, jak moc levn\u011b kop\u00edrujete.\tKompatibiln\u00ed n\u00e1pl\u0148Ne\u017e si po\u0159\u00edd\u00edte nov\u00fd toner, tak si mus\u00edte zjistit, jestli je kompatibiln\u00ed s va\u0161\u00edm za\u0159\u00edzen\u00edm. Pro v\u011bt\u0161inu model\u016f ji\u017e existuj\u00ed n\u00e1hradn\u00ed n\u00e1pln\u011b, tud\u00ed\u017e se nemus\u00edte ob\u00e1vat, \u017ee byste nena\u0161li. Jestli\u017ee vlastn\u00edte model HP, tak ur\u010dit\u011b nev\u00e1hejte vsadit na n\u011bco tak kvalitn\u00edho, jako je alternativn\u00ed barva do tisk\u00e1rny HP. Je skute\u010dn\u011b spolehliv\u00e1 a zaru\u010d\u00ed v\u00e1m syt\u011b \u010dernou na v\u0161ech va\u0161ich dokumentech.                                                                                                                                                                                                                                                                                                                                                                                        4.7\/5 - (7 votes)        "},{"@context":"https:\/\/schema.org\/","@type":"BreadcrumbList","itemListElement":[{"@type":"ListItem","position":1,"name":"Po\u0159i\u010fte si novou barvu","item":"https:\/\/www.crra.cz\/poridte-si-novou-barvu\/#breadcrumbitem"}]}]