[{"@context":"https:\/\/schema.org\/","@type":"Article","@id":"https:\/\/www.crra.cz\/politicke-nazory\/#Article","mainEntityOfPage":"https:\/\/www.crra.cz\/politicke-nazory\/","headline":"Politick\u00e9 n\u00e1zory","name":"Politick\u00e9 n\u00e1zory","description":"V\u017edycky jsem si \u0159\u00edkala, \u017ee politick\u00e9 d\u011bn\u00ed nen\u00ed opravdu nic pro m\u011b. A politika m\u011b nikdy nezaj\u00edmala. A u\u017e v\u00edm, \u017ee jen do t\u00e9 doby, ne\u017e se m\u016fj otec za\u010dal zaj\u00edmat o politiku. V\u016fbec nev\u00edm, pro\u010d se o to za\u010dal zaj\u00edmat. Otec chodil do pr\u00e1ce, kde vlastn\u011b ani nem\u011bli p\u0159\u00edle\u017eitost se potkat s n\u011bjak\u00fdm politikem anebo dal\u0161\u00edmi jin\u00fdmi politick\u00fdmi n\u00e1zory. [&hellip;]","datePublished":"2022-05-31","dateModified":"2023-05-03","author":{"@type":"Person","@id":"https:\/\/www.crra.cz\/author\/#Person","name":"","url":"https:\/\/www.crra.cz\/author\/","identifier":1,"image":{"@type":"ImageObject","@id":"https:\/\/secure.gravatar.com\/avatar\/06473a178d94fb830b46e277369729e9534f2612e261ec2f1ee96b672ef473e2?s=96&d=mm&r=g","url":"https:\/\/secure.gravatar.com\/avatar\/06473a178d94fb830b46e277369729e9534f2612e261ec2f1ee96b672ef473e2?s=96&d=mm&r=g","height":96,"width":96}},"publisher":{"@type":"Organization","name":"crra.cz","logo":{"@type":"ImageObject","@id":"\/logo.png","url":"\/logo.png","width":600,"height":60}},"image":{"@type":"ImageObject","@id":"https:\/\/www.crra.cz\/wp-content\/uploads\/protection-450595_960_720.jpg","url":"https:\/\/www.crra.cz\/wp-content\/uploads\/protection-450595_960_720.jpg","height":0,"width":0},"url":"https:\/\/www.crra.cz\/politicke-nazory\/","about":["Politika"],"wordCount":431,"articleBody":"V\u017edycky jsem si \u0159\u00edkala, \u017ee politick\u00e9 d\u011bn\u00ed nen\u00ed opravdu nic pro m\u011b. A politika m\u011b nikdy nezaj\u00edmala. A u\u017e v\u00edm, \u017ee jen do t\u00e9 doby, ne\u017e se m\u016fj otec za\u010dal zaj\u00edmat o politiku. V\u016fbec nev\u00edm, pro\u010d se o to za\u010dal zaj\u00edmat. Otec chodil do pr\u00e1ce, kde vlastn\u011b ani nem\u011bli p\u0159\u00edle\u017eitost se potkat s n\u011bjak\u00fdm politikem anebo dal\u0161\u00edmi jin\u00fdmi politick\u00fdmi n\u00e1zory. Ale jsem velmi zv\u011bdav\u00e1, kde otec v\u016fbec k politice p\u0159i\u0161el. A kdy\u017e mi to \u0159ekl, tak jsem cht\u011bla \u00fapln\u011b sm\u00e1t.Proto\u017ee mi otec \u0159ekl, \u017ee k nim p\u0159i\u0161la jedna kolegyn\u011b, kter\u00e1 se zaj\u00edmala o politiku a taky dokonce jej\u00ed bratr pr\u00fd v politice je. Otec z t\u00e9 kolegyn\u011b byl \u00fapln\u011b uchv\u00e1cen. Taky v\u00e1m ale mus\u00edm p\u0159edem \u0159\u00edct, \u017ee m\u00ed rodi\u010de jsou rozveden\u00ed, tak\u017ee ka\u017ed\u00fd m\u016f\u017ee m\u00edt jin\u00e9ho partnera. Byl to docela pro m\u011b \u0161ok. V\u016fbec jsem nech\u00e1pala, jak n\u011bkdo m\u016f\u017ee m\u00edt r\u00e1d politiku. V\u017edycky kdy\u017e vid\u00edm v televizi politiky, tak se jenom st\u00e1le h\u00e1daj\u00ed a maj\u00ed ka\u017ed\u00fd odli\u0161n\u00fd n\u00e1zor. V politice jde hlavn\u011b o pen\u00edze, nic logick\u00e9ho jsem v politice ov\u0161em nevid\u011bla. A poka\u017ed\u00e9, kdy\u017e vid\u00edm v televizi n\u011bjak\u00e9ho politika, tak si \u0159\u00edk\u00e1m, jestli to v\u0161echno mysl\u00ed v\u00e1\u017en\u011b. Proto\u017ee n\u011bkter\u00e9 politick\u00e9, a\u017e d\u011btsk\u00e9 n\u00e1zory jsou opravdu velmi slo\u017eit\u00e9 a\u00a0nikdy\u00a0dost vtipn\u00e9 nebo\u00a0nesmysln\u00e9.\u00a0 A n\u011bkdy je to opravdu hodn\u011b k sm\u00edchu, co\u017e mi d\u00e1te jist\u011b z pravdu. Taky v\u00e1m nedoporu\u010duji, abyste n\u011bkde na ve\u0159ejnosti t\u0159eba nemluvili o politice, kdy\u017e ty lidi nezn\u00e1te. Kolikr\u00e1t se m\u016f\u017ee st\u00e1t nemil\u00e1 situace, \u017ee se lid\u00e9 h\u00e1daj\u00ed jenom kv\u016fli tomu, \u017ee ka\u017ed\u00fd \u010dlov\u011bk m\u00e1 \u00fapln\u011b odli\u0161n\u00fd n\u00e1zor na politiku. Podle m\u011b se tady h\u00e1dky jenom mno\u017e\u00ed, kdy\u017e se\u00a0nejen\u00a0o\u00a0politiku. A tak j\u00e1 jsem si \u0159ekla, \u017ee rad\u011bji se poka\u017ed\u00e9 zdr\u017e\u00edm n\u011bjak\u00e9ho politick\u00e9ho\u00a0n\u00e1zorov\u00e1n\u00ed\u00a0nebo debat. Nem\u00e1m toti\u017e s\u00edlu na to, abych si otravovala \u010das t\u00edm, \u017ee se budu s n\u011bk\u00fdm\u00a0dohadovat\u00a0kv\u016fli tomu, kdo m\u00e1 pravdu a kdo ne.\u00a0Proto\u017ee\u00a0je tady jasn\u00e9, \u017ee pravdu v politice nem\u00e1 nikdy nikdo. V\u0161echno je jenom na p\u016fl.\u00a0                                                                                                                                                                                                                                                                                                                                                                                        3.8\/5 - (6 votes)        "},{"@context":"https:\/\/schema.org\/","@type":"BreadcrumbList","itemListElement":[{"@type":"ListItem","position":1,"name":"Politick\u00e9 n\u00e1zory","item":"https:\/\/www.crra.cz\/politicke-nazory\/#breadcrumbitem"}]}]