[{"@context":"https:\/\/schema.org\/","@type":"Article","@id":"https:\/\/www.crra.cz\/mame-pro-vas-reseni\/#Article","mainEntityOfPage":"https:\/\/www.crra.cz\/mame-pro-vas-reseni\/","headline":"M\u00e1me pro V\u00e1s \u0159e\u0161en\u00ed","name":"M\u00e1me pro V\u00e1s \u0159e\u0161en\u00ed","description":"Pl\u00e1nujete svatbu a st\u00e1le \u010dast\u011bji si pokl\u00e1d\u00e1te ot\u00e1zku, \u010d\u00edm na ni vlastn\u011b pojedete? My pro V\u00e1s m\u00e1me perfektn\u00ed \u0159e\u0161en\u00ed. Autop\u016fj\u010dovna pro svatby. P\u016fj\u010dte si auto s profesion\u00e1ln\u00edm \u0159idi\u010dem, s n\u00e1jezdem neomezen\u00fdch kilometr\u016f a k tomu l\u00e1hev \u0161ampa\u0148sk\u00e9ho. Svatbu v pl\u00e1nu nem\u00e1te, ale pot\u0159ebuje se p\u0159epravit na leti\u0161t\u011b nebo z leti\u0161t\u011b? Potom nab\u00eddka ur\u010den\u00e1 tak\u00e9 pro V\u00e1s. Autop\u016fj\u010dovna nab\u00edz\u00ed pron\u00e1jem modern\u00edho [&hellip;]","datePublished":"2025-01-11","dateModified":"2025-01-11","author":{"@type":"Person","@id":"https:\/\/www.crra.cz\/author\/#Person","name":"","url":"https:\/\/www.crra.cz\/author\/","identifier":1,"image":{"@type":"ImageObject","@id":"https:\/\/secure.gravatar.com\/avatar\/06473a178d94fb830b46e277369729e9534f2612e261ec2f1ee96b672ef473e2?s=96&d=mm&r=g","url":"https:\/\/secure.gravatar.com\/avatar\/06473a178d94fb830b46e277369729e9534f2612e261ec2f1ee96b672ef473e2?s=96&d=mm&r=g","height":96,"width":96}},"publisher":{"@type":"Organization","name":"crra.cz","logo":{"@type":"ImageObject","@id":"\/logo.png","url":"\/logo.png","width":600,"height":60}},"url":"https:\/\/www.crra.cz\/mame-pro-vas-reseni\/","wordCount":208,"articleBody":"Pl\u00e1nujete svatbu a st\u00e1le \u010dast\u011bji si pokl\u00e1d\u00e1te ot\u00e1zku, \u010d\u00edm na ni vlastn\u011b pojedete? My pro V\u00e1s m\u00e1me perfektn\u00ed \u0159e\u0161en\u00ed. Autop\u016fj\u010dovna pro svatby. P\u016fj\u010dte si auto s profesion\u00e1ln\u00edm \u0159idi\u010dem, s n\u00e1jezdem neomezen\u00fdch kilometr\u016f a k tomu l\u00e1hev \u0161ampa\u0148sk\u00e9ho. Svatbu v pl\u00e1nu nem\u00e1te, ale pot\u0159ebuje se p\u0159epravit na leti\u0161t\u011b nebo z leti\u0161t\u011b? Potom nab\u00eddka ur\u010den\u00e1 tak\u00e9 pro V\u00e1s. Autop\u016fj\u010dovna nab\u00edz\u00ed pron\u00e1jem modern\u00edho klimatizovan\u00e9ho auta i s profesion\u00e1ln\u00edm \u0159idi\u010dem, kter\u00fd pro V\u00e1s p\u0159ijede na leti\u0161t\u011b, pom\u016f\u017ee se zavazadly, po\u010dk\u00e1, pokud bude m\u00edt let zpo\u017ed\u011bn\u00ed. V ka\u017ed\u00e9m voze je bezdr\u00e1tov\u00fd internet WIFI a nab\u00eddka chlazen\u00fdch n\u00e1poj\u016f a to v\u0161e za jednotnou cenu bez ohledu na po\u010det p\u0159epravovan\u00fdch osob nebo ujet\u00fdch kilometr\u016f. Na oslavu \u010di ve\u010d\u00edrek autop\u016fj\u010dovna za\u0159\u00edd\u00ed tak\u00e9 p\u0159epravu na oslavu, promoci nebo ve\u010d\u00edrek. Modern\u00ed v\u016fz s profesion\u00e1ln\u00edm \u0159idi\u010dem je samoz\u0159ejmost\u00ed. Pronajmout si m\u016f\u017eete tak\u00e9 auto s \u0159idi\u010dem bodyguardem.                                                                                                                                                                                                                                                                                                                                                                                        3\/5 - (2 votes)        "},{"@context":"https:\/\/schema.org\/","@type":"BreadcrumbList","itemListElement":[{"@type":"ListItem","position":1,"name":"M\u00e1me pro V\u00e1s \u0159e\u0161en\u00ed","item":"https:\/\/www.crra.cz\/mame-pro-vas-reseni\/#breadcrumbitem"}]}]